{"id":2674,"date":"2026-08-10T11:51:26","date_gmt":"2026-08-10T09:51:26","guid":{"rendered":"https:\/\/mat.travelblox.eu\/?p=2674"},"modified":"2026-08-10T11:51:26","modified_gmt":"2026-08-10T09:51:26","slug":"meine-erfahrung-auf-dem-madeira-trail-5-tage-zu-fus-von-den-bergen-bis-ans-meer","status":"publish","type":"post","link":"https:\/\/mat.travelblox.eu\/de\/meine-erfahrung-auf-dem-madeira-trail-5-tage-zu-fus-von-den-bergen-bis-ans-meer\/","title":{"rendered":"Meine Erfahrung auf dem Madeira Trail: 5 Tage zu Fu\u00df von den Bergen bis zum Meer."},"content":{"rendered":"<div class=\"tb-wysiwyg tb-block align-left background-light pattern-none variant-none tb-collapsible-margins\" id=\"wysiwyg\">\n    <div class=\"inner-block\">\n        <div class=\"tb-wysiwyg__inner\">\n            <div class=\"inner-block\">\n                                <div class=\"text-part wysiwyg\">\n                                                                                                            \t<div class=\"translation-block\"><p class=\"font-claude-response-body break-words whitespace-normal\" dir=\"ltr\">Madeira stand schon eine Weile auf meinem Radar. Nicht weil ich aktiv danach gesucht hatte, sondern weil mein Instagram einfach voll damit war. Gr\u00fcne Steilklippen, Wasserf\u00e4lle, Ausblicke, die fast zu gut aussehen, um echt zu sein. Und jedes Mal dachte ich: da muss ich auch hin.<\/p>\n<p class=\"font-claude-response-body break-words whitespace-normal\" dir=\"ltr\">Falls du die Insel noch nicht kennst: <strong>Madeira ist ein portugiesisches Eiland mitten im Atlantik<\/strong> \u2013 n\u00e4her an Afrika als an Lissabon. Vulkanisch, gr\u00fcn, und so abwechslungsreich, dass man kaum glaubt, dass das alles auf eine einzige Insel passt. Einen Moment stehst du auf einem Gipfel \u00fcber den Wolken, im n\u00e4chsten wanderst du entlang von Klippen, die senkrecht ins Meer fallen. Und das Beste? Zwischen den bekannten Highlights verstecken sich unz\u00e4hlige stille Ecken, in die kaum jemand verirrt.<\/p>\n<p class=\"font-claude-response-body break-words whitespace-normal\" dir=\"ltr\">Kurz zu mir: Ich bin diese Woche zusammen mit meinem Freund unterwegs. Wir wandern beide gerne, aber wir m\u00f6gen\u2019s auch komfortabel. Tags\u00fcber Abenteuer, abends ins Bett fallen \u2013 das ist unsere Kombination. Kein Zelt, kein Schlafsack. Daf\u00fcr Schlamm an den Schuhen und ein gutes Glas zum Essen.<\/p>\n<p class=\"font-claude-response-body break-words whitespace-normal\" dir=\"ltr\">Genau das hat uns zum <a class=\"underline underline underline-offset-2 decoration-1 decoration-current\/40 hover:decoration-current focus:decoration-current\" href=\"https:\/\/madeiratrail.eu\/de\/\">Madeira Trail<\/a> gebracht: eine <strong>mehrt\u00e4gige selbstgef\u00fchrte Tour von Unterkunft zu Unterkunft<\/strong>, die sowohl die bekannten Highlights als auch die ruhigen Perlen mitnimmt. Und ich sag\u2019s gleich: Der Trail hat uns nicht entt\u00e4uscht.<\/p><\/div>\n\t                <\/div>\n            <\/div>\n        <\/div>\n    <\/div>\n<\/div>\n\n\n<div class=\"tb-wysiwyg tb-block align-left background-light pattern-none variant-none tb-collapsible-margins\" id=\"wysiwyg-1\">\n    <div class=\"inner-block\">\n        <div class=\"tb-wysiwyg__inner\">\n            <div class=\"inner-block\">\n                                <div class=\"text-part wysiwyg\">\n                                            <h2>Tag 1: Vier Jahreszeiten noch vor dem Mittag<\/h2>                                                                \t<div class=\"translation-block\"><p class=\"font-claude-response-body break-words whitespace-normal\" dir=\"ltr\">Die erste Nacht schliefen wir im Starthotel \u2013 kleines Detail, gro\u00dfer Unterschied, denn so stehst du morgens direkt am richtigen Ort f\u00fcr den Shuttle zum Startpunkt. Fr\u00fchst\u00fcck rein, und los.<\/p>\n<p class=\"font-claude-response-body break-words whitespace-normal\" dir=\"ltr\">Wir starteten in der Sonne und kamen im Nieselregen an. Madeira hatte sich vorgestellt. <strong>Die Insel hat so viele Mikroklimata, dass du an einem einzigen Tag alle vier Jahreszeiten erleben kannst.<\/strong> Die Nordseite ist gr\u00fcn und feucht, die S\u00fcdseite trocken und sonnig, und die Berge dazwischen machen einfach ihre eigenen Wolken.<\/p>\n<p class=\"font-claude-response-body break-words whitespace-normal\" dir=\"ltr\">Dieses unberechenbare Wetter war die perfekte Kulisse f\u00fcr den <strong>Fanal-Wald: <\/strong>Uralte, knorrige Lorbeerb\u00e4ume, Nebel, der zwischen den \u00c4sten h\u00e4ngt, leiser Regen. <strong>Der Wald ist Jahrhunderte alt und Teil des UNESCO-Weltnaturerbes Laurisilva.<\/strong> Es f\u00fchlte sich weniger nach Wandern an und mehr nach Spazieren in einem nahezu magischen Film, aus dem jeden Moment eine Fee herausspringen k\u00f6nnte.<\/p>\n<p class=\"font-claude-response-body break-words whitespace-normal\" dir=\"ltr\">Nach einer halben Stunde lie\u00dfen wir den Wald hinter uns \u2013 und dann kamen die Treppen. Die haben auf Madeira eine eiserne Regel: <strong>Keine Stufe ist gleich hoch.<\/strong> Die Beine wissen nie, was als N\u00e4chstes kommt, und gegen Ende einer Etappe merkt man das deutlich. Aber wei\u00dft du was? Es war egal. Es steckt etwas herrlich Einfaches darin, einen Tag zu haben, an dem deine einzige Aufgabe lautet: linker Fu\u00df, rechter Fu\u00df, wiederholen. Keine Mails, keine Benachrichtigungen. Nur du und das n\u00e4chste St\u00fcck Weg.<\/p>\n<p class=\"font-claude-response-body break-words whitespace-normal\" dir=\"ltr\">Am Nachmittag wurde es voller \u2013 das universelle Zeichen, dass etwas Sch\u00f6nes in der N\u00e4he ist. Und ja: es war ein Wasserfall. Schnell ein paar Fotos, dann die letzte Gerade zu unserer Cottage in <strong>Raba\u00e7al<\/strong>. Dort warteten ein Kaffee und ein Pastel de Nata, und nach einem langen Wandertag schmecken die wie ein kleines Wunder. Fertig waren wir \u00fcbrigens noch nicht: nach der Pause gingen wir nochmal raus zu einem zweiten Wasserfall. Der Abend endete so, wie er enden sollte \u2013 Pasta, ein Glas Wein und ein Gespr\u00e4ch mit der Gruppe.<\/p><\/div>\n\t                <\/div>\n            <\/div>\n        <\/div>\n    <\/div>\n<\/div>\n\n\n<div class=\"tb-simple-gallery tb-block align-center background-light pattern-none variant-2-vertical-1-horizontal tb-collapsible-margins\" id=\"simple-gallery\">\n\t\t\t<div class=\"tb-simple-gallery__images\">\n\t\t\t\t\t\t\t\t\t\t\t\t\t\t\t\t\t\t\t\t\t\t<div class=\"tb-simple-gallery__image tb-simple-gallery__image--vertical\">\n\t\t\t\t\t\t<div class=\"tb-image-part\">\n\t\t\t\t\t\t\t<figure>\n\t\t\t\t\t\t\t\t<img src='https:\/\/mat.travelblox.eu\/wp-content\/smush-webp\/sites\/68\/2026\/07\/75.png.webp' width='540' height='840' srcset='https:\/\/mat.travelblox.eu\/wp-content\/smush-webp\/sites\/68\/2026\/07\/75.png.webp 540w, https:\/\/mat.travelblox.eu\/wp-content\/smush-webp\/sites\/68\/2026\/07\/75-193x300.png.webp 193w, https:\/\/mat.travelblox.eu\/wp-content\/smush-webp\/sites\/68\/2026\/07\/75-8x12.png.webp 8w' sizes=\"auto, (max-width: 540px) 100vw, 540px\" loading='lazy' decoding='async' data-smush-webp-fallback=\"{&quot;src&quot;:&quot;https:\\\/\\\/mat.travelblox.eu\\\/wp-content\\\/uploads\\\/sites\\\/68\\\/2026\\\/07\\\/75.png&quot;,&quot;srcset&quot;:&quot;https:\\\/\\\/mat.travelblox.eu\\\/wp-content\\\/uploads\\\/sites\\\/68\\\/2026\\\/07\\\/75.png 540w, https:\\\/\\\/mat.travelblox.eu\\\/wp-content\\\/uploads\\\/sites\\\/68\\\/2026\\\/07\\\/75-193x300.png 193w, https:\\\/\\\/mat.travelblox.eu\\\/wp-content\\\/uploads\\\/sites\\\/68\\\/2026\\\/07\\\/75-8x12.png 8w&quot;}\">\t\t\t\t\t\t\t\t\t\t\t\t\t\t\t<\/figure>\n\t\t\t\t\t\t<\/div>\n\t\t\t\t\t<\/div>\n\t\t\t\t\t\t\t\t\t\t\t\t\t\t\t\t\t\t\t<div class=\"tb-simple-gallery__image tb-simple-gallery__image--vertical\">\n\t\t\t\t\t\t<div class=\"tb-image-part\">\n\t\t\t\t\t\t\t<figure>\n\t\t\t\t\t\t\t\t<img src='https:\/\/mat.travelblox.eu\/wp-content\/smush-webp\/sites\/68\/2026\/07\/76.png.webp' width='540' height='840' srcset='https:\/\/mat.travelblox.eu\/wp-content\/smush-webp\/sites\/68\/2026\/07\/76.png.webp 540w, https:\/\/mat.travelblox.eu\/wp-content\/smush-webp\/sites\/68\/2026\/07\/76-193x300.png.webp 193w, https:\/\/mat.travelblox.eu\/wp-content\/smush-webp\/sites\/68\/2026\/07\/76-8x12.png.webp 8w' sizes=\"auto, (max-width: 540px) 100vw, 540px\" loading='lazy' decoding='async' data-smush-webp-fallback=\"{&quot;src&quot;:&quot;https:\\\/\\\/mat.travelblox.eu\\\/wp-content\\\/uploads\\\/sites\\\/68\\\/2026\\\/07\\\/76.png&quot;,&quot;srcset&quot;:&quot;https:\\\/\\\/mat.travelblox.eu\\\/wp-content\\\/uploads\\\/sites\\\/68\\\/2026\\\/07\\\/76.png 540w, https:\\\/\\\/mat.travelblox.eu\\\/wp-content\\\/uploads\\\/sites\\\/68\\\/2026\\\/07\\\/76-193x300.png 193w, https:\\\/\\\/mat.travelblox.eu\\\/wp-content\\\/uploads\\\/sites\\\/68\\\/2026\\\/07\\\/76-8x12.png 8w&quot;}\">\t\t\t\t\t\t\t\t\t\t\t\t\t\t\t<\/figure>\n\t\t\t\t\t\t<\/div>\n\t\t\t\t\t<\/div>\n\t\t\t\t\t\t\t\t\t\t\t\t<\/div>\n\t<\/div>\n\n\n<div class=\"tb-wysiwyg tb-block align-left background-light pattern-none variant-none tb-collapsible-margins\" id=\"wysiwyg-2\">\n    <div class=\"inner-block\">\n        <div class=\"tb-wysiwyg__inner\">\n            <div class=\"inner-block\">\n                                <div class=\"text-part wysiwyg\">\n                                            <h2>Tag 2: Warten auf die Aussicht \u2013 und dann die Belohnung<\/h2>                                                                \t<div class=\"translation-block\"><p class=\"font-claude-response-body break-words whitespace-normal\" dir=\"ltr\">Tag zwei begann wie Tag eins: ein Hauch Regen, ein Schleier aus Nebel, richtig mystisch. Wir folgten einer Reihe von <strong>Levadas<\/strong> \u2013 den typischen madeirischen Bew\u00e4sserungskan\u00e4len mit einem schmalen Pfad daneben \u2013 und entdeckten unterwegs \u00fcberraschend viele V\u00f6gel.<\/p>\n<p class=\"font-claude-response-body break-words whitespace-normal\" dir=\"ltr\">An einer Levada zu wandern hat etwas Meditatives. Das Wasser pl\u00e4tschert neben dir, der Weg bleibt sch\u00f6n flach, und der Kopf wird ruhiger.<\/p>\n<p class=\"font-claude-response-body break-words whitespace-normal\" dir=\"ltr\">Der Nebel hielt sich lange. Erst gegen 15 Uhr begann er sich aufzul\u00f6sen \u2013 genau dann, als wir am sch\u00f6nsten Aussichtspunkt des Tages ankamen. Wir standen da, bereit umgehauen zu werden, und sahen: eine graue Wand. Nichts. Also taten wir, was jede:r Wander:in in dieser Situation tut: hinsetzen, Snacks rausholen \ud83d\ude42<\/p>\n<p class=\"font-claude-response-body break-words whitespace-normal\" dir=\"ltr\">Und dann \u2013 als h\u00e4tte Madeira pl\u00f6tzlich Mitleid bekommen \u2013 brach die Sonne durch. Erst ein Spalt, dann mehr, und dann auf einmal das ganze Tal offen, als h\u00e4tte jemand nur f\u00fcr uns den Vorhang aufgezogen. Lektion gelernt: <strong>Auf Madeira lohnt sich Geduld immer. Warte eine Viertelstunde, und die ganze Landschaft ver\u00e4ndert sich.<\/strong><\/p>\n<p class=\"font-claude-response-body break-words whitespace-normal\" dir=\"ltr\">Das Highlight des Tages: <strong>zwei Tunnel, direkt durch den Berg gehauen<\/strong> \u2013 aus der Zeit, als die Levadas angelegt wurden. Wir wussten, dass sie kommen w\u00fcrden, aber als wir vor dem Eingang standen, dachten wir doch kurz: M\u00fcssen wir da wirklich durch? Ein schwarzes Loch in der Felswand, das Wasser direkt daneben. Stirnlampe auf und die ersten Meter in die Dunkelheit \u2013 und dann wurde es eigentlich richtig gut. Nur das Rauschen des Wassers und die ged\u00e4mpften Schritte unter den eigenen F\u00fc\u00dfen. Etwas ganz anderes, und genau das bleibt h\u00e4ngen.<\/p>\n<p class=\"font-claude-response-body break-words whitespace-normal\" dir=\"ltr\">Nach <strong>25 Kilometern<\/strong> erreichten wir das Hotel \u2013 mit dieser angenehmen Art von M\u00fcdigkeit, bei der man abends zufrieden einschl\u00e4ft. Und die erste hei\u00dfe Dusche nach einem langen Wandertag? Kaum zu \u00fcbertreffen.<\/p><\/div>\n\t                <\/div>\n            <\/div>\n        <\/div>\n    <\/div>\n<\/div>\n\n\n<div class=\"tb-wysiwyg tb-block align-left background-light pattern-none variant-none tb-collapsible-margins\" id=\"wysiwyg-3\">\n    <div class=\"inner-block\">\n        <div class=\"tb-wysiwyg__inner\">\n            <div class=\"inner-block\">\n                                <div class=\"text-part wysiwyg\">\n                                            <h2>Tag 3: Auf das Dach von Madeira<\/h2>                                                                \t<div class=\"translation-block\"><p class=\"font-claude-response-body break-words whitespace-normal\" dir=\"ltr\">Heute die gro\u00dfe Herausforderung: <strong>Pico Ruivo, mit 1.862 Metern der h\u00f6chste Punkt der Insel<\/strong>. Der Shuttle setzte uns am Startpunkt ab, die Luft war dicht bew\u00f6lkt. Wir taten nat\u00fcrlich das Vern\u00fcnftige und bestellten erst einen Kaffee in einem kleinen Caf\u00e9! Und genau in dem Moment, als ich meine Tasse in der Hand hatte, klarte der Himmel auf. Unsere Rucks\u00e4cke waren direkt wieder auf unseren R\u00fccken. Wir starteten direkt, denn auf Madeira wei\u00dft du nie, wie schnell sich das Wetter wieder \u00e4ndern kann.<\/p>\n<p class=\"font-claude-response-body break-words whitespace-normal\" dir=\"ltr\">Eine gute Stunde sp\u00e4ter standen wir auf dem Gipfel. <strong>An klaren Tagen siehst du von hier bis zum Meer<\/strong>, mit Berggipfeln, die wie Inseln aus einem Wolkenteppich ragen. Bei uns wechselten Sonne und Wolken wie im Schichtbetrieb \u2013 aber von einem gelungenen Ausblick durfte man trotzdem sprechen.<\/p>\n<p class=\"font-claude-response-body break-words whitespace-normal\" dir=\"ltr\">Danach kam mein liebster Teil: <strong>der Abstieg nach Ilha, wohin kaum ein Tourist kommt<\/strong>. Gerade noch teilst du den Gipfel mit der halben Welt, eine Stunde sp\u00e4ter ist es so still, dass du dich fragst, ob alle die Insel verlassen haben, ohne es dir zu sagen. Das ist der eigentliche Kern dieser Tour.<\/p>\n<p class=\"font-claude-response-body break-words whitespace-normal\" dir=\"ltr\">Den Abstieg feierten wir mit einem <strong>Poncha und Fleisch vom Spie\u00df<\/strong>. Der Poncha ist die lokale Spezialit\u00e4t: Rum, Honig, Zitrone und Zucker, von Hand aufgeschlagen zu etwas gef\u00e4hrlich Leckerem. Madeiras Antwort auf m\u00fcde Beine. Verdient. Und danach noch einen.<\/p><\/div>\n\t                <\/div>\n            <\/div>\n        <\/div>\n    <\/div>\n<\/div>\n\n\n<div class=\"tb-simple-gallery tb-block align-center background-light pattern-none variant-2-vertical-1-horizontal tb-collapsible-margins\" id=\"simple-gallery-1\">\n\t\t\t<div class=\"tb-simple-gallery__images\">\n\t\t\t\t\t\t\t\t\t\t\t\t\t\t\t\t\t\t\t\t\t\t<div class=\"tb-simple-gallery__image tb-simple-gallery__image--vertical\">\n\t\t\t\t\t\t<div class=\"tb-image-part\">\n\t\t\t\t\t\t\t<figure>\n\t\t\t\t\t\t\t\t<img src='https:\/\/mat.travelblox.eu\/wp-content\/smush-webp\/sites\/68\/2026\/07\/80.png.webp' width='540' height='840' srcset='https:\/\/mat.travelblox.eu\/wp-content\/smush-webp\/sites\/68\/2026\/07\/80.png.webp 540w, https:\/\/mat.travelblox.eu\/wp-content\/smush-webp\/sites\/68\/2026\/07\/80-193x300.png.webp 193w, https:\/\/mat.travelblox.eu\/wp-content\/smush-webp\/sites\/68\/2026\/07\/80-8x12.png.webp 8w' sizes=\"auto, (max-width: 540px) 100vw, 540px\" loading='lazy' decoding='async' data-smush-webp-fallback=\"{&quot;src&quot;:&quot;https:\\\/\\\/mat.travelblox.eu\\\/wp-content\\\/uploads\\\/sites\\\/68\\\/2026\\\/07\\\/80.png&quot;,&quot;srcset&quot;:&quot;https:\\\/\\\/mat.travelblox.eu\\\/wp-content\\\/uploads\\\/sites\\\/68\\\/2026\\\/07\\\/80.png 540w, https:\\\/\\\/mat.travelblox.eu\\\/wp-content\\\/uploads\\\/sites\\\/68\\\/2026\\\/07\\\/80-193x300.png 193w, https:\\\/\\\/mat.travelblox.eu\\\/wp-content\\\/uploads\\\/sites\\\/68\\\/2026\\\/07\\\/80-8x12.png 8w&quot;}\">\t\t\t\t\t\t\t\t\t\t\t\t\t\t\t<\/figure>\n\t\t\t\t\t\t<\/div>\n\t\t\t\t\t<\/div>\n\t\t\t\t\t\t\t\t\t\t\t\t\t\t\t\t\t\t\t<div class=\"tb-simple-gallery__image tb-simple-gallery__image--vertical\">\n\t\t\t\t\t\t<div class=\"tb-image-part\">\n\t\t\t\t\t\t\t<figure>\n\t\t\t\t\t\t\t\t<img src='https:\/\/mat.travelblox.eu\/wp-content\/smush-webp\/sites\/68\/2026\/07\/81.png.webp' width='540' height='840' srcset='https:\/\/mat.travelblox.eu\/wp-content\/smush-webp\/sites\/68\/2026\/07\/81.png.webp 540w, https:\/\/mat.travelblox.eu\/wp-content\/smush-webp\/sites\/68\/2026\/07\/81-193x300.png.webp 193w, https:\/\/mat.travelblox.eu\/wp-content\/smush-webp\/sites\/68\/2026\/07\/81-8x12.png.webp 8w' sizes=\"auto, (max-width: 540px) 100vw, 540px\" loading='lazy' decoding='async' data-smush-webp-fallback=\"{&quot;src&quot;:&quot;https:\\\/\\\/mat.travelblox.eu\\\/wp-content\\\/uploads\\\/sites\\\/68\\\/2026\\\/07\\\/81.png&quot;,&quot;srcset&quot;:&quot;https:\\\/\\\/mat.travelblox.eu\\\/wp-content\\\/uploads\\\/sites\\\/68\\\/2026\\\/07\\\/81.png 540w, https:\\\/\\\/mat.travelblox.eu\\\/wp-content\\\/uploads\\\/sites\\\/68\\\/2026\\\/07\\\/81-193x300.png 193w, https:\\\/\\\/mat.travelblox.eu\\\/wp-content\\\/uploads\\\/sites\\\/68\\\/2026\\\/07\\\/81-8x12.png 8w&quot;}\">\t\t\t\t\t\t\t\t\t\t\t\t\t\t\t<\/figure>\n\t\t\t\t\t\t<\/div>\n\t\t\t\t\t<\/div>\n\t\t\t\t\t\t\t\t\t\t\t\t<\/div>\n\t<\/div>\n\n\n<div class=\"tb-wysiwyg tb-block align-left background-light pattern-none variant-none tb-collapsible-margins\" id=\"wysiwyg-4\">\n    <div class=\"inner-block\">\n        <div class=\"tb-wysiwyg__inner\">\n            <div class=\"inner-block\">\n                                <div class=\"text-part wysiwyg\">\n                                            <h2>Tag 4: Vom Berggipfel zum Meerblick<\/h2>                                                                \t<div class=\"translation-block\"><p class=\"font-claude-response-body break-words whitespace-normal\" dir=\"ltr\">Endlich aufwachen unter einem strahlend blauen Himmel. Kurze Hose an, Sonnencreme auf die Nase, losmarschieren. Bald erreichten wir die K\u00fcste \u2013 die Berge im R\u00fccken, den Ozean vor uns. <strong>Madeira schafft es, innerhalb einer einzigen Wanderung die Kulisse komplett zu wechseln<\/strong>: von nebligem Bergwald zu Klippen \u00fcber tiefblauem Wasser.<\/p>\n<p class=\"font-claude-response-body break-words whitespace-normal\" dir=\"ltr\">Es lief so gut, dass wir beschlossen, noch eine Extra-Schleife zu einer Landzunge einzulegen. Hatten wir die etwas untersch\u00e4tzt? Ja, absolut. Aber unten angekommen war jeder verfluchte Meter sofort vergessen. F\u00fcr die letzten <strong>500 H\u00f6henmeter<\/strong> schalteten wir Musik ein und tanzten uns fast nach oben.<\/p>\n<p class=\"font-claude-response-body break-words whitespace-normal\" dir=\"ltr\">Die Belohnung: <strong>ein Zimmer mit Meerblick und Jacuzzi<\/strong>. Ich habe meine F\u00fc\u00dfe selten so zufrieden unter einen Tisch gestreckt.<\/p><\/div>\n\t                <\/div>\n            <\/div>\n        <\/div>\n    <\/div>\n<\/div>\n\n\n<div class=\"tb-wysiwyg tb-block align-left background-light pattern-none variant-none tb-collapsible-margins\" id=\"wysiwyg-5\">\n    <div class=\"inner-block\">\n        <div class=\"tb-wysiwyg__inner\">\n            <div class=\"inner-block\">\n                                <div class=\"text-part wysiwyg\">\n                                            <h2>Tag 5: Ankommen in Machico (noch nicht fertig)<\/h2>                                                                \t<div class=\"translation-block\"><p class=\"font-claude-response-body break-words whitespace-normal\" dir=\"ltr\">Die Zeit vergeht schnell auf dem <a class=\"underline underline underline-offset-2 decoration-1 decoration-current\/40 hover:decoration-current focus:decoration-current\" href=\"https:\/\/madeiratrail.eu\/de\/\">Madeira Trail<\/a>. Bevor man es wei\u00df, steht man am letzten Wandertag. Wieder strahlend, diesmal die ganze Strecke an der K\u00fcste entlang. Dieses St\u00fcck ist bekannter, also begegnen wir auch mehr Leuten unterwegs \u2013 aber mit der Sonne im Gesicht kann einem niemand etwas anhaben. Die Kilometer vergingen, und pl\u00f6tzlich standen wir in <strong>Machico<\/strong>. Ende der Strecke. Gefeiert mit einem Eis am Strand \u2013 nat\u00fcrlich.<\/p>\n<p class=\"font-claude-response-body break-words whitespace-normal\" dir=\"ltr\">Offiziell war der Trail damit zu Ende. Wir hatten noch einen freien Tag, und <strong>Rangerin Natacha<\/strong> empfahl uns den <strong>Pico Grande<\/strong>. Steil, aber mit Blick auf den Pico Ruivo. Ein letztes Mal richtig leiden, mit einem Ausblick als Lohn. Genau so, wie es enden musste.<\/p><\/div>\n\t                <\/div>\n            <\/div>\n        <\/div>\n    <\/div>\n<\/div>\n\n\n<div class=\"tb-simple-gallery tb-block align-center background-light pattern-none variant-2-vertical-1-horizontal tb-collapsible-margins\" id=\"simple-gallery-2\">\n\t\t\t<div class=\"tb-simple-gallery__images\">\n\t\t\t\t\t\t\t\t\t\t\t\t\t\t\t\t\t\t\t\t\t\t<div class=\"tb-simple-gallery__image tb-simple-gallery__image--vertical\">\n\t\t\t\t\t\t<div class=\"tb-image-part\">\n\t\t\t\t\t\t\t<figure>\n\t\t\t\t\t\t\t\t<img src='https:\/\/mat.travelblox.eu\/wp-content\/smush-webp\/sites\/68\/2026\/07\/85.png.webp' width='540' height='840' srcset='https:\/\/mat.travelblox.eu\/wp-content\/smush-webp\/sites\/68\/2026\/07\/85.png.webp 540w, https:\/\/mat.travelblox.eu\/wp-content\/smush-webp\/sites\/68\/2026\/07\/85-193x300.png.webp 193w, https:\/\/mat.travelblox.eu\/wp-content\/smush-webp\/sites\/68\/2026\/07\/85-8x12.png.webp 8w' sizes=\"auto, (max-width: 540px) 100vw, 540px\" loading='lazy' decoding='async' data-smush-webp-fallback=\"{&quot;src&quot;:&quot;https:\\\/\\\/mat.travelblox.eu\\\/wp-content\\\/uploads\\\/sites\\\/68\\\/2026\\\/07\\\/85.png&quot;,&quot;srcset&quot;:&quot;https:\\\/\\\/mat.travelblox.eu\\\/wp-content\\\/uploads\\\/sites\\\/68\\\/2026\\\/07\\\/85.png 540w, https:\\\/\\\/mat.travelblox.eu\\\/wp-content\\\/uploads\\\/sites\\\/68\\\/2026\\\/07\\\/85-193x300.png 193w, https:\\\/\\\/mat.travelblox.eu\\\/wp-content\\\/uploads\\\/sites\\\/68\\\/2026\\\/07\\\/85-8x12.png 8w&quot;}\">\t\t\t\t\t\t\t\t\t\t\t\t\t\t\t<\/figure>\n\t\t\t\t\t\t<\/div>\n\t\t\t\t\t<\/div>\n\t\t\t\t\t\t\t\t\t\t\t\t\t\t\t\t\t\t\t<div class=\"tb-simple-gallery__image tb-simple-gallery__image--vertical\">\n\t\t\t\t\t\t<div class=\"tb-image-part\">\n\t\t\t\t\t\t\t<figure>\n\t\t\t\t\t\t\t\t<img src='https:\/\/mat.travelblox.eu\/wp-content\/smush-webp\/sites\/68\/2026\/07\/83.png.webp' width='540' height='840' srcset='https:\/\/mat.travelblox.eu\/wp-content\/smush-webp\/sites\/68\/2026\/07\/83.png.webp 540w, https:\/\/mat.travelblox.eu\/wp-content\/smush-webp\/sites\/68\/2026\/07\/83-193x300.png.webp 193w, https:\/\/mat.travelblox.eu\/wp-content\/smush-webp\/sites\/68\/2026\/07\/83-8x12.png.webp 8w' sizes=\"auto, (max-width: 540px) 100vw, 540px\" loading='lazy' decoding='async' data-smush-webp-fallback=\"{&quot;src&quot;:&quot;https:\\\/\\\/mat.travelblox.eu\\\/wp-content\\\/uploads\\\/sites\\\/68\\\/2026\\\/07\\\/83.png&quot;,&quot;srcset&quot;:&quot;https:\\\/\\\/mat.travelblox.eu\\\/wp-content\\\/uploads\\\/sites\\\/68\\\/2026\\\/07\\\/83.png 540w, https:\\\/\\\/mat.travelblox.eu\\\/wp-content\\\/uploads\\\/sites\\\/68\\\/2026\\\/07\\\/83-193x300.png 193w, https:\\\/\\\/mat.travelblox.eu\\\/wp-content\\\/uploads\\\/sites\\\/68\\\/2026\\\/07\\\/83-8x12.png 8w&quot;}\">\t\t\t\t\t\t\t\t\t\t\t\t\t\t\t<\/figure>\n\t\t\t\t\t\t<\/div>\n\t\t\t\t\t<\/div>\n\t\t\t\t\t\t\t\t\t\t\t\t<\/div>\n\t<\/div>\n\n\n<div class=\"tb-wysiwyg tb-block align-left background-light pattern-none variant-none tb-collapsible-margins\" id=\"wysiwyg-6\">\n    <div class=\"inner-block\">\n        <div class=\"tb-wysiwyg__inner\">\n            <div class=\"inner-block\">\n                                <div class=\"text-part wysiwyg\">\n                                            <h2>So funktioniert's: Selbstgef\u00fchrt, aber nie allein<\/h2>                                                                \t<div class=\"translation-block\"><p class=\"font-claude-response-body break-words whitespace-normal\" dir=\"ltr\">Was den <a class=\"underline underline underline-offset-2 decoration-1 decoration-current\/40 hover:decoration-current focus:decoration-current\" href=\"https:\/\/madeiratrail.eu\/de\/\">Madeira Trail<\/a> so angenehm macht: Die Tour ist <strong>selbstgef\u00fchrt<\/strong> \u2013 kein Guide, der vorausl\u00e4uft oder eine Gruppe, auf die du warten musst. Du entscheidest \u00fcber dein Tempo, deine Pausen und wie oft du denselben Berg zum zehnten Mal fotografierst. Und trotzdem bist du nie allein: Das <strong>Gep\u00e4ck wird t\u00e4glich zur n\u00e4chsten Unterkunft transportiert<\/strong>, die Route ist geplant, und die Rangerin ist jederzeit erreichbar, falls etwas nicht stimmt. Freiheit ohne den stressigen Teil.<\/p>\n<p class=\"font-claude-response-body break-words whitespace-normal\" dir=\"ltr\">Wir waren zu zehnt unterwegs \u2013 ein Mix aus Sprachen und Altersgruppen. Du teilst dieselben Wege, denselben Nebel und dasselbe unglaubliche Hochgef\u00fchl, wenn die Sonne endlich durchbricht. Das schwei\u00dft zusammen.<\/p><\/div>\n\t                <\/div>\n            <\/div>\n        <\/div>\n    <\/div>\n<\/div>\n\n\n<div class=\"tb-wysiwyg tb-block align-left background-light pattern-none variant-none tb-collapsible-margins\" id=\"wysiwyg-7\">\n    <div class=\"inner-block\">\n        <div class=\"tb-wysiwyg__inner\">\n            <div class=\"inner-block\">\n                                <div class=\"text-part wysiwyg\">\n                                            <h2>Warum du diesen Trail wandern solltest<\/h2>                                                                \t<div class=\"translation-block\"><p class=\"font-claude-response-body break-words whitespace-normal\" dir=\"ltr\">Madeira ist perfekt zum Wandern. Blumen, Berge, Meer \u2013 es war alles dabei. Unterwegs trafen wir Leute, die die Insel mit dem Auto erkundeten. Ihr gr\u00f6\u00dftes Problem? <strong>Auf Madeira kann man kaum Rundtouren fahren<\/strong>, man f\u00e4hrt st\u00e4ndig denselben Weg zur\u00fcck. Das hatte ich vorher gar nicht bedacht. Aber genau darin liegt die St\u00e4rke des <a href=\"https:\/\/madeiratrail.eu\/de\/\">Madeira Trails<\/a>: <strong>Du l\u00e4ufst nie zweimal denselben Weg.<\/strong> Jeder Tag beginnt dort, wo der vorherige aufgeh\u00f6rt hat, und so siehst du, wie sich die Insel langsam unter deinen F\u00fc\u00dfen ver\u00e4ndert.<\/p>\n<p class=\"font-claude-response-body break-words whitespace-normal\" dir=\"ltr\">Ich bin ehrlich: Es war anstrengender als gedacht. Die H\u00f6henmeter und die unberechenbaren Treppen sp\u00fcrst du irgendwann bis in die Zehenspitzen. Aber was du daf\u00fcr bekommst, \u00fcberwiegt bei Weitem: \u00fcber den Wolken wandern, ein Tal, das sich genau im richtigen Moment \u00f6ffnet, ein Poncha, der nach Triumph schmeckt. Und: <strong>Jeden Ausblick hast du dir mit deinen eigenen Beinen verdient.<\/strong><\/p><\/div>\n\t                <\/div>\n            <\/div>\n        <\/div>\n    <\/div>\n<\/div>\n\n\n<div class=\"tb-wysiwyg tb-block align-left background-light pattern-none variant-none tb-collapsible-margins\" id=\"wysiwyg-7-1\">\n    <div class=\"inner-block\">\n        <div class=\"tb-wysiwyg__inner\">\n            <div class=\"inner-block\">\n                                <div class=\"text-part wysiwyg\">\n                                            <h2>F\u00fcr wen ist dieser Trail geeignet?<\/h2>                                                                \t<div class=\"translation-block\"><p class=\"font-claude-response-body break-words whitespace-normal\" dir=\"ltr\">F\u00fcr alle, die gerne wandern, nicht vor einem anst\u00e4ndigen Aufstieg zur\u00fcckschrecken und die Insel wirklich sehen wollen \u2013 langsam, zu Fu\u00df, aus der N\u00e4he. Du musst keine Bergziege sein. Ausdauer und gute Laune reichen. Hatte ich Zweifel, ob ich es schaffe? Ja. Im Nachhinein waren sie v\u00f6llig unbegr\u00fcndet. Ich war gut vorbereitet und konnte mir tags\u00fcber alle Zeit der Welt nehmen und Pausen einlegen, wenn es mir manchmal zu viel wurde.<\/p>\n<p class=\"font-claude-response-body break-words whitespace-normal\" dir=\"ltr\">Ich kam nach Hause mit m\u00fcden Beinen, einem Kopf voller Bilder und vor allem mit dem Wunsch, sofort die n\u00e4chste Tour zu buchen.<\/p>\n<p class=\"font-claude-response-body break-words whitespace-normal\" dir=\"ltr\">Also: <strong>Hol die Wanderschuhe raus \u2013 Madeira wartet.<\/strong> \ud83e\udd7e<\/p><\/div>\n\t                <\/div>\n            <\/div>\n        <\/div>\n    <\/div>\n<\/div>\n\n\n<div class=\"tb-simple-gallery tb-block align-center background-light pattern-none variant-2-vertical-1-horizontal tb-collapsible-margins\" id=\"simple-gallery-3\">\n\t\t\t<div class=\"tb-simple-gallery__images\">\n\t\t\t\t\t\t\t\t\t\t\t\t\t\t\t\t\t\t\t\t\t\t<div class=\"tb-simple-gallery__image tb-simple-gallery__image--vertical\">\n\t\t\t\t\t\t<div class=\"tb-image-part\">\n\t\t\t\t\t\t\t<figure>\n\t\t\t\t\t\t\t\t<img src='https:\/\/mat.travelblox.eu\/wp-content\/smush-webp\/sites\/68\/2026\/07\/74.png.webp' width='540' height='840' srcset='https:\/\/mat.travelblox.eu\/wp-content\/smush-webp\/sites\/68\/2026\/07\/74.png.webp 540w, https:\/\/mat.travelblox.eu\/wp-content\/smush-webp\/sites\/68\/2026\/07\/74-193x300.png.webp 193w, https:\/\/mat.travelblox.eu\/wp-content\/smush-webp\/sites\/68\/2026\/07\/74-8x12.png.webp 8w' sizes=\"auto, (max-width: 540px) 100vw, 540px\" loading='lazy' decoding='async' data-smush-webp-fallback=\"{&quot;src&quot;:&quot;https:\\\/\\\/mat.travelblox.eu\\\/wp-content\\\/uploads\\\/sites\\\/68\\\/2026\\\/07\\\/74.png&quot;,&quot;srcset&quot;:&quot;https:\\\/\\\/mat.travelblox.eu\\\/wp-content\\\/uploads\\\/sites\\\/68\\\/2026\\\/07\\\/74.png 540w, https:\\\/\\\/mat.travelblox.eu\\\/wp-content\\\/uploads\\\/sites\\\/68\\\/2026\\\/07\\\/74-193x300.png 193w, https:\\\/\\\/mat.travelblox.eu\\\/wp-content\\\/uploads\\\/sites\\\/68\\\/2026\\\/07\\\/74-8x12.png 8w&quot;}\">\t\t\t\t\t\t\t\t\t\t\t\t\t\t\t<\/figure>\n\t\t\t\t\t\t<\/div>\n\t\t\t\t\t<\/div>\n\t\t\t\t\t\t\t\t\t\t\t\t\t\t\t\t\t\t\t<div class=\"tb-simple-gallery__image tb-simple-gallery__image--vertical\">\n\t\t\t\t\t\t<div class=\"tb-image-part\">\n\t\t\t\t\t\t\t<figure>\n\t\t\t\t\t\t\t\t<img src='https:\/\/mat.travelblox.eu\/wp-content\/smush-webp\/sites\/68\/2026\/07\/82.png.webp' width='540' height='840' srcset='https:\/\/mat.travelblox.eu\/wp-content\/smush-webp\/sites\/68\/2026\/07\/82.png.webp 540w, https:\/\/mat.travelblox.eu\/wp-content\/smush-webp\/sites\/68\/2026\/07\/82-193x300.png.webp 193w, https:\/\/mat.travelblox.eu\/wp-content\/smush-webp\/sites\/68\/2026\/07\/82-8x12.png.webp 8w' sizes=\"auto, (max-width: 540px) 100vw, 540px\" loading='lazy' decoding='async' data-smush-webp-fallback=\"{&quot;src&quot;:&quot;https:\\\/\\\/mat.travelblox.eu\\\/wp-content\\\/uploads\\\/sites\\\/68\\\/2026\\\/07\\\/82.png&quot;,&quot;srcset&quot;:&quot;https:\\\/\\\/mat.travelblox.eu\\\/wp-content\\\/uploads\\\/sites\\\/68\\\/2026\\\/07\\\/82.png 540w, https:\\\/\\\/mat.travelblox.eu\\\/wp-content\\\/uploads\\\/sites\\\/68\\\/2026\\\/07\\\/82-193x300.png 193w, https:\\\/\\\/mat.travelblox.eu\\\/wp-content\\\/uploads\\\/sites\\\/68\\\/2026\\\/07\\\/82-8x12.png 8w&quot;}\">\t\t\t\t\t\t\t\t\t\t\t\t\t\t\t<\/figure>\n\t\t\t\t\t\t<\/div>\n\t\t\t\t\t<\/div>\n\t\t\t\t\t\t\t\t\t\t\t\t<\/div>\n\t<\/div>","protected":false},"excerpt":{"rendered":"","protected":false},"author":144,"featured_media":2453,"comment_status":"closed","ping_status":"closed","sticky":false,"template":"","format":"standard","meta":{"_acf_changed":false,"inline_featured_image":false,"footnotes":""},"class_list":["post-2674","post","type-post","status-publish","format-standard","has-post-thumbnail","hentry","team-member-amber-van-travelbase","blog-category-travel-stories"],"acf":[],"_links":{"self":[{"href":"https:\/\/mat.travelblox.eu\/de\/wp-json\/wp\/v2\/posts\/2674","targetHints":{"allow":["GET"]}}],"collection":[{"href":"https:\/\/mat.travelblox.eu\/de\/wp-json\/wp\/v2\/posts"}],"about":[{"href":"https:\/\/mat.travelblox.eu\/de\/wp-json\/wp\/v2\/types\/post"}],"author":[{"embeddable":true,"href":"https:\/\/mat.travelblox.eu\/de\/wp-json\/wp\/v2\/users\/144"}],"replies":[{"embeddable":true,"href":"https:\/\/mat.travelblox.eu\/de\/wp-json\/wp\/v2\/comments?post=2674"}],"version-history":[{"count":1,"href":"https:\/\/mat.travelblox.eu\/de\/wp-json\/wp\/v2\/posts\/2674\/revisions"}],"predecessor-version":[{"id":2675,"href":"https:\/\/mat.travelblox.eu\/de\/wp-json\/wp\/v2\/posts\/2674\/revisions\/2675"}],"wp:featuredmedia":[{"embeddable":true,"href":"https:\/\/mat.travelblox.eu\/de\/wp-json\/wp\/v2\/media\/2453"}],"wp:attachment":[{"href":"https:\/\/mat.travelblox.eu\/de\/wp-json\/wp\/v2\/media?parent=2674"}],"curies":[{"name":"wp","href":"https:\/\/api.w.org\/{rel}","templated":true}]}}